{"id":129,"date":"2023-07-06T08:57:13","date_gmt":"2023-07-06T08:57:13","guid":{"rendered":"http:\/\/magyarborszakirokkore.hu\/?p=129"},"modified":"2023-07-06T08:57:13","modified_gmt":"2023-07-06T08:57:13","slug":"silye-sandor","status":"publish","type":"post","link":"https:\/\/magyarborszakirokkore.hu\/en\/2023\/07\/06\/silye-sandor\/","title":{"rendered":"S\u00e1ndor Silye"},"content":{"rendered":"<p>S\u00e1ndor Silye lives in Sz\u00e9kesfeh\u00e9rv\u00e1r and has been working with wine for more than 20 years. As a journalist and staff member of the Fej\u00e9r County Newspaper, he initially wrote about local wines from Fej\u00e9r County, primarily in order to promote and raise the profile of wine culture, as he believed that this aspect of everyday culture deserved more attention. Later on, he steadily broadened the scope of his activities, extending them beyond the county.&nbsp;<br>In addition to writing for the newspaper, he has created his own platform, promoting the importance of wine and the harmony of food and wine on his blog. He has been a finalist in the WebWineWriting competition twice and was the category winner in 2022.&nbsp;<br>As the owner of <strong>Dekantalo.blog.hu<\/strong>&nbsp;he is doing her job, determined to put wine culture at the centre of life - hopefully not at high school level!<br><strong>His motto:<\/strong>&nbsp;\"Everyone has the good wine that they like. And the parameters are there to give scientists and professionals a kick in the pants, and to create a realistic basis for pricing.\"<\/p>\n\n\n\n<p><a href=\"https:\/\/dekantalo.blog.hu\" data-type=\"URL\" data-id=\"https:\/\/dekantalo.blog.hu\">Dekantalo.blog.hu<\/a>\u00a0<\/p>","protected":false},"excerpt":{"rendered":"<p>Silye S\u00e1ndor Sz\u00e9kesfeh\u00e9rv\u00e1ron \u00e9l, a borokkal t\u00f6bb mint 20 \u00e9ve foglalkozik. \u00dajs\u00e1g\u00edr\u00f3k\u00e9nt, a Fej\u00e9r megyei H\u00edrlap munkat\u00e1rsak\u00e9nt kezdetben a helyi, Fej\u00e9r megyei borokr\u00f3l \u00edrt, els\u0151sorban a borkult\u00fara terjeszt\u00e9se, emel\u00e9se \u00e9rdek\u00e9ben, mivel \u00fagy v\u00e9lte, a h\u00e9tk\u00f6znapi kult\u00fara e szelete (is) nagyobb figyelmet \u00e9rdemel. K\u00e9s\u0151bb folyamatosan t\u00e1g\u00edtotta a k\u00f6rt, tev\u00e9kenys\u00e9ge kiterjedt a megy\u00e9n k\u00edv\u00fclre is.&nbsp;A h\u00edrlap\u00edr\u00e1s mellett [&hellip;]<\/p>","protected":false},"author":1,"featured_media":130,"comment_status":"open","ping_status":"open","sticky":false,"template":"","format":"standard","meta":{"footnotes":""},"categories":[7],"tags":[],"class_list":["post-129","post","type-post","status-publish","format-standard","has-post-thumbnail","hentry","category-tagok"],"_links":{"self":[{"href":"https:\/\/magyarborszakirokkore.hu\/en\/wp-json\/wp\/v2\/posts\/129","targetHints":{"allow":["GET"]}}],"collection":[{"href":"https:\/\/magyarborszakirokkore.hu\/en\/wp-json\/wp\/v2\/posts"}],"about":[{"href":"https:\/\/magyarborszakirokkore.hu\/en\/wp-json\/wp\/v2\/types\/post"}],"author":[{"embeddable":true,"href":"https:\/\/magyarborszakirokkore.hu\/en\/wp-json\/wp\/v2\/users\/1"}],"replies":[{"embeddable":true,"href":"https:\/\/magyarborszakirokkore.hu\/en\/wp-json\/wp\/v2\/comments?post=129"}],"version-history":[{"count":1,"href":"https:\/\/magyarborszakirokkore.hu\/en\/wp-json\/wp\/v2\/posts\/129\/revisions"}],"predecessor-version":[{"id":131,"href":"https:\/\/magyarborszakirokkore.hu\/en\/wp-json\/wp\/v2\/posts\/129\/revisions\/131"}],"wp:featuredmedia":[{"embeddable":true,"href":"https:\/\/magyarborszakirokkore.hu\/en\/wp-json\/wp\/v2\/media\/130"}],"wp:attachment":[{"href":"https:\/\/magyarborszakirokkore.hu\/en\/wp-json\/wp\/v2\/media?parent=129"}],"wp:term":[{"taxonomy":"category","embeddable":true,"href":"https:\/\/magyarborszakirokkore.hu\/en\/wp-json\/wp\/v2\/categories?post=129"},{"taxonomy":"post_tag","embeddable":true,"href":"https:\/\/magyarborszakirokkore.hu\/en\/wp-json\/wp\/v2\/tags?post=129"}],"curies":[{"name":"wp","href":"https:\/\/api.w.org\/{rel}","templated":true}]}}